{"id":113,"count":5,"description":"La peculiar orografia del Priorat, DOQ d'on neixen els nostres vins priorat, \u00e9s una zona muntanyosa constitu\u00efda gaireb\u00e9 \u00fanicament per vessants, fa que la caracter\u00edstica principal dels seus cultius sigui que estiguin a les pendents d'aquestes, i que en molts casos superi el 15% d'inclinaci\u00f3.\n\nLa formaci\u00f3 dels cl\u00e0ssics bancals o costers, m\u00e9s coneguts com a \u00abterrasses\u00bb formen una mena de graons tallats a la muntanya que fan la funci\u00f3 de marges suavitzant la pendent i impedint l'erosi\u00f3 del s\u00f2l.\n\nTot aix\u00f2 fa que l'agricultura sigui dif\u00edcil i costosa, per\u00f2 els seus fruits s\u00f3n molt caracter\u00edstics, d'unes vinyes que mostren a la seva base el pas tortu\u00f3s dels anys.\n\n","link":"https:\/\/demuller.es\/ca\/categoria-producto\/vins-d-o-q-priorat\/","name":"Vins D.O.Q. Priorat","slug":"vins-d-o-q-priorat","taxonomy":"product_cat","parent":0,"meta":{"slim_seo":[]},"menu_order":0,"acf":[],"_links":{"self":[{"href":"https:\/\/demuller.es\/ca\/wp-json\/wp\/v2\/product_cat\/113","targetHints":{"allow":["GET"]}}],"collection":[{"href":"https:\/\/demuller.es\/ca\/wp-json\/wp\/v2\/product_cat"}],"about":[{"href":"https:\/\/demuller.es\/ca\/wp-json\/wp\/v2\/taxonomies\/product_cat"}],"wp:post_type":[{"href":"https:\/\/demuller.es\/ca\/wp-json\/wp\/v2\/product?product_cat=113"}],"curies":[{"name":"wp","href":"https:\/\/api.w.org\/{rel}","templated":true}]}}